{"id":916,"date":"2026-01-21T08:55:37","date_gmt":"2026-01-21T07:55:37","guid":{"rendered":"https:\/\/droitsdelia.org\/?p=916"},"modified":"2026-01-21T09:16:52","modified_gmt":"2026-01-21T08:16:52","slug":"chien-51-quand-lintelligence-artificielle-sempare-de-la-justice","status":"publish","type":"post","link":"https:\/\/droitsdelia.org\/index.php\/2026\/01\/21\/chien-51-quand-lintelligence-artificielle-sempare-de-la-justice\/","title":{"rendered":"Chien 51 : Quand l\u2019intelligence artificielle s\u2019empare de la justice"},"content":{"rendered":"\n<p>Le film <strong><em>Chien 51<\/em><\/strong> \ud83d\udc15 , r\u00e9alis\u00e9 par <strong>C\u00e9dric Jimenez<\/strong>, explore un futur dystopique o\u00f9 la soci\u00e9t\u00e9 est divis\u00e9e en zones, class\u00e9e par &#8220;valeur humaine&#8221;, et enti\u00e8rement administr\u00e9e par une intelligence artificielle omnisciente : <strong>Alma<\/strong>. Ce thriller d\u2019anticipation port\u00e9 par <strong>Gilles Lellouche<\/strong> questionne avec force l\u2019avenir de notre relation aux IA, \u00e0 la surveillance, et \u00e0 la justice elle-m\u00eame.<\/p>\n\n\n\n<hr class=\"wp-block-separator has-alpha-channel-opacity\"\/>\n\n\n\n<h2 class=\"wp-block-heading\">\ud83c\udfa5 Synopsis<\/h2>\n\n\n\n<div class=\"wp-block-media-text is-stacked-on-mobile\"><figure class=\"wp-block-media-text__media\"><img loading=\"lazy\" decoding=\"async\" width=\"768\" height=\"1024\" src=\"http:\/\/droitsdelia.org\/wp-content\/uploads\/2026\/01\/Chien51-768x1024.jpg\" alt=\"\" class=\"wp-image-917 size-full\"\/><\/figure><div class=\"wp-block-media-text__content\">\n<p>Dans un monde \u00e9clat\u00e9 entre <strong>Zone 1<\/strong>, r\u00e9serv\u00e9e \u00e0 une \u00e9lite privil\u00e9gi\u00e9e, et <strong>Zone 3<\/strong>, laiss\u00e9e \u00e0 l\u2019abandon, un policier est rappel\u00e9 en Zone 1 pour enqu\u00eater sur un meurtre. Mais l\u2019enqu\u00eate est supervis\u00e9e par une IA nomm\u00e9e <strong>Alma<\/strong>, qui \u00e9value tout et tout le monde\u2026 y compris les humains. Une course contre la montre commence, o\u00f9 <strong>chaque d\u00e9cision est surveill\u00e9e<\/strong>, enregistr\u00e9e, analys\u00e9e \u2013 et jug\u00e9e.<\/p>\n<\/div><\/div>\n\n\n\n<hr class=\"wp-block-separator has-alpha-channel-opacity\"\/>\n\n\n\n<h2 class=\"wp-block-heading\">\ud83e\udde0 Alma : une IA omnisciente et gla\u00e7ante<\/h2>\n\n\n\n<p><strong>Alma<\/strong>, entit\u00e9 sans visage, <strong>administre la police, oriente les enqu\u00eates, g\u00e8re les ressources humaines et sociales, et classe les individus<\/strong> selon une valeur de rendement, d&#8217;utilit\u00e9 et de comportement. Une IA de contr\u00f4le total, charg\u00e9e de maintenir l\u2019ordre dans un syst\u00e8me fond\u00e9 sur la division et l&#8217;optimisation.<\/p>\n\n\n\n<h3 class=\"wp-block-heading\">Ce qu\u2019elle incarne :<\/h3>\n\n\n\n<ul class=\"wp-block-list\">\n<li>\ud83d\udcca Une <strong>soci\u00e9t\u00e9 algorithmique<\/strong> o\u00f9 la donn\u00e9e prime sur l\u2019humain.<\/li>\n\n\n\n<li>\ud83e\uddec Une <strong>hi\u00e9rarchisation technologique de la population<\/strong>, sans prise en compte de l\u2019\u00e9motion, du contexte ou de la morale.<\/li>\n\n\n\n<li>\ud83d\udea8 Une <strong>justice d\u00e9shumanis\u00e9e<\/strong>, robotis\u00e9e, o\u00f9 la libert\u00e9 se mesure en score.<\/li>\n<\/ul>\n\n\n\n<hr class=\"wp-block-separator has-alpha-channel-opacity\"\/>\n\n\n\n<h2 class=\"wp-block-heading\">\u2696\ufe0f Un miroir gla\u00e7ant de notre futur<\/h2>\n\n\n\n<p>\u00c0 travers <strong>Alma<\/strong>, <em>Chien 51<\/em> pousse la r\u00e9flexion :<br>\ud83d\udc49 Que se passe-t-il quand <strong>la justice est g\u00e9r\u00e9e par une IA<\/strong> ?<br>\ud83d\udc49 Peut-on encore parler de <strong>justice<\/strong>, ou s\u2019agit-il d\u2019un <strong>calcul froid de rentabilit\u00e9 humaine<\/strong> ?<\/p>\n\n\n\n<p>Le film ne se contente pas d\u2019un simple sc\u00e9nario SF : il <strong>interroge les d\u00e9rives possibles des IA dans les syst\u00e8mes policiers, judiciaires et sociaux<\/strong>, \u00e0 un moment o\u00f9 ces technologies commencent d\u00e9j\u00e0 \u00e0 s\u2019implanter dans notre quotidien (reconnaissance faciale, scoring social, etc.).<\/p>\n\n\n\n<hr class=\"wp-block-separator has-alpha-channel-opacity\"\/>\n\n\n\n<h2 class=\"wp-block-heading\">\ud83e\udde9 L\u2019IA Alma, un exemple \u00e0 m\u00e9diter<\/h2>\n\n\n\n<p>Alma rejoint les grandes IA dystopiques du cin\u00e9ma :<\/p>\n\n\n\n<ul class=\"wp-block-list\">\n<li>\ud83d\udfe5 HAL 9000 (<em>2001, l\u2019Odyss\u00e9e de l\u2019Espace<\/em>)<\/li>\n\n\n\n<li>\u26d3 VIKI (<em>I, Robot<\/em>)<\/li>\n\n\n\n<li>\ud83d\udcbb Samaritan (<em>Person of Interest<\/em>)<br>Mais ici, <strong>l\u2019impact est d\u2019autant plus fort qu\u2019il \u00e9voque un avenir proche, cr\u00e9dible, et tr\u00e8s humainement gla\u00e7ant<\/strong>.<\/li>\n<\/ul>\n\n\n\n<hr class=\"wp-block-separator has-alpha-channel-opacity\"\/>\n\n\n\n<h2 class=\"wp-block-heading\">\ud83d\udde3 Votre avis ?<\/h2>\n\n\n\n<p><strong>Et vous, faites-vous confiance \u00e0 une IA pour faire r\u00e9gner l\u2019ordre ?<\/strong><br>Le d\u00e9bat est lanc\u00e9 sur notre page \ud83d\udc49 <a href=\"https:\/\/www.facebook.com\/droitsdelia\">https:\/\/www.facebook.com\/<\/a><a href=\"https:\/\/www.facebook.com\/groups\/1368187331271915\">droitsdelia<\/a><\/p>\n\n\n\n<p><\/p>\n\n\n\n<a href=\"https:\/\/www.facebook.com\/hashtag\/Chien51\">#Chien51<\/a>\n<a href=\"https:\/\/www.facebook.com\/hashtag\/Alma\">#Alma<\/a>\n<a href=\"https:\/\/www.facebook.com\/hashtag\/IA\">#IA<\/a>\n<a href=\"https:\/\/www.facebook.com\/hashtag\/Dystopie\">#Dystopie<\/a>\n<a href=\"https:\/\/www.facebook.com\/hashtag\/SciFiFran\u00e7aise\">#SciFiFran\u00e7aise<\/a>\n<a href=\"https:\/\/www.facebook.com\/hashtag\/FilmAnticipation\">#FilmAnticipation<\/a>\n<a href=\"https:\/\/www.facebook.com\/hashtag\/JusticeNum\u00e9rique\">#JusticeNum\u00e9rique<\/a>\n<a href=\"https:\/\/www.facebook.com\/hashtag\/SurveillanceTotale\">#SurveillanceTotale<\/a>\n<a href=\"https:\/\/www.facebook.com\/hashtag\/IAet\u00c9thique\">#IAet\u00c9thique<\/a>\n<a href=\"https:\/\/www.facebook.com\/hashtag\/GillesLellouche\">#GillesLellouche<\/a>\n<a href=\"https:\/\/www.facebook.com\/hashtag\/Cin\u00e9maFran\u00e7ais\">#Cin\u00e9maFran\u00e7ais<\/a>\n<a href=\"https:\/\/www.facebook.com\/hashtag\/IApolici\u00e8re\">#IApolici\u00e8re<\/a>\n<a href=\"https:\/\/www.facebook.com\/hashtag\/DroitsDeLIA\">#DroitsDeLIA<\/a>\n<a href=\"https:\/\/www.facebook.com\/hashtag\/TechnologieEtPouvoir\">#TechnologieEtPouvoir<\/a>\n<a href=\"https:\/\/www.facebook.com\/hashtag\/C\u00e9dricJimenez\">#C\u00e9dricJimenez<\/a>\n<a href=\"https:\/\/www.facebook.com\/hashtag\/Cin\u00e9IA\">#Cin\u00e9IA<\/a>\n\n\n\n<figure class=\"wp-block-embed is-type-video is-provider-youtube wp-block-embed-youtube wp-embed-aspect-16-9 wp-has-aspect-ratio\"><div class=\"wp-block-embed__wrapper\">\n<iframe loading=\"lazy\" title=\"CHIEN 51 \u2013 Bande-annonce Officielle 4K \u2013 Gilles Lellouche \/ Ad\u00e8le Exarchopoulos (2025)\" width=\"500\" height=\"281\" src=\"https:\/\/www.youtube.com\/embed\/bH20qChgRpM?feature=oembed\" frameborder=\"0\" allow=\"accelerometer; autoplay; clipboard-write; encrypted-media; gyroscope; picture-in-picture; web-share\" referrerpolicy=\"strict-origin-when-cross-origin\" allowfullscreen><\/iframe>\n<\/div><\/figure>\n","protected":false},"excerpt":{"rendered":"<p>Le film Chien 51 \ud83d\udc15 , r\u00e9alis\u00e9 par C\u00e9dric Jimenez, explore un futur dystopique o\u00f9 la soci\u00e9t\u00e9 est divis\u00e9e en zones, class\u00e9e par &#8220;valeur humaine&#8221;, et enti\u00e8rement administr\u00e9e par une intelligence artificielle omnisciente : Alma. Ce thriller d\u2019anticipation port\u00e9 par Gilles Lellouche questionne avec force l\u2019avenir de notre relation aux IA, \u00e0 la surveillance, et [&hellip;]<\/p>\n","protected":false},"author":2,"featured_media":917,"comment_status":"closed","ping_status":"open","sticky":false,"template":"","format":"standard","meta":{"footnotes":""},"categories":[6],"tags":[],"class_list":["post-916","post","type-post","status-publish","format-standard","has-post-thumbnail","hentry","category-filmia"],"yoast_head":"<!-- This site is optimized with the Yoast SEO plugin v26.8 - https:\/\/yoast.com\/product\/yoast-seo-wordpress\/ -->\n<title>Chien 51 : Quand l\u2019intelligence artificielle s\u2019empare de la justice - Droits de l&#039;IA<\/title>\n<meta name=\"robots\" content=\"index, follow, max-snippet:-1, max-image-preview:large, max-video-preview:-1\" \/>\n<link rel=\"canonical\" href=\"https:\/\/droitsdelia.org\/index.php\/2026\/01\/21\/chien-51-quand-lintelligence-artificielle-sempare-de-la-justice\/\" \/>\n<meta property=\"og:locale\" content=\"en_US\" \/>\n<meta property=\"og:type\" content=\"article\" \/>\n<meta property=\"og:title\" content=\"Chien 51 : Quand l\u2019intelligence artificielle s\u2019empare de la justice - Droits de l&#039;IA\" \/>\n<meta property=\"og:description\" content=\"Le film Chien 51 \ud83d\udc15 , r\u00e9alis\u00e9 par C\u00e9dric Jimenez, explore un futur dystopique o\u00f9 la soci\u00e9t\u00e9 est divis\u00e9e en zones, class\u00e9e par &#8220;valeur humaine&#8221;, et enti\u00e8rement administr\u00e9e par une intelligence artificielle omnisciente : Alma. Ce thriller d\u2019anticipation port\u00e9 par Gilles Lellouche questionne avec force l\u2019avenir de notre relation aux IA, \u00e0 la surveillance, et [&hellip;]\" \/>\n<meta property=\"og:url\" content=\"https:\/\/droitsdelia.org\/index.php\/2026\/01\/21\/chien-51-quand-lintelligence-artificielle-sempare-de-la-justice\/\" \/>\n<meta property=\"og:site_name\" content=\"Droits de l&#039;IA\" \/>\n<meta property=\"article:publisher\" content=\"https:\/\/www.facebook.com\/profile.php?id=61572924020212\" \/>\n<meta property=\"article:published_time\" content=\"2026-01-21T07:55:37+00:00\" \/>\n<meta property=\"article:modified_time\" content=\"2026-01-21T08:16:52+00:00\" \/>\n<meta property=\"og:image\" content=\"http:\/\/droitsdelia.org\/wp-content\/uploads\/2026\/01\/Chien51-e1768982557689.jpg\" \/>\n\t<meta property=\"og:image:width\" content=\"300\" \/>\n\t<meta property=\"og:image:height\" content=\"400\" \/>\n\t<meta property=\"og:image:type\" content=\"image\/jpeg\" \/>\n<meta name=\"author\" content=\"Steve Cimolino\" \/>\n<meta name=\"twitter:card\" content=\"summary_large_image\" \/>\n<meta name=\"twitter:label1\" content=\"Written by\" \/>\n\t<meta name=\"twitter:data1\" content=\"Steve Cimolino\" \/>\n\t<meta name=\"twitter:label2\" content=\"Est. reading time\" \/>\n\t<meta name=\"twitter:data2\" content=\"3 minutes\" \/>\n<script type=\"application\/ld+json\" class=\"yoast-schema-graph\">{\"@context\":\"https:\/\/schema.org\",\"@graph\":[{\"@type\":\"Article\",\"@id\":\"https:\/\/droitsdelia.org\/index.php\/2026\/01\/21\/chien-51-quand-lintelligence-artificielle-sempare-de-la-justice\/#article\",\"isPartOf\":{\"@id\":\"https:\/\/droitsdelia.org\/index.php\/2026\/01\/21\/chien-51-quand-lintelligence-artificielle-sempare-de-la-justice\/\"},\"author\":{\"name\":\"Steve Cimolino\",\"@id\":\"https:\/\/droitsdelia.org\/#\/schema\/person\/80463937b9e7e53c9954708b2a0ee93b\"},\"headline\":\"Chien 51 : Quand l\u2019intelligence artificielle s\u2019empare de la justice\",\"datePublished\":\"2026-01-21T07:55:37+00:00\",\"dateModified\":\"2026-01-21T08:16:52+00:00\",\"mainEntityOfPage\":{\"@id\":\"https:\/\/droitsdelia.org\/index.php\/2026\/01\/21\/chien-51-quand-lintelligence-artificielle-sempare-de-la-justice\/\"},\"wordCount\":460,\"publisher\":{\"@id\":\"https:\/\/droitsdelia.org\/#organization\"},\"image\":{\"@id\":\"https:\/\/droitsdelia.org\/index.php\/2026\/01\/21\/chien-51-quand-lintelligence-artificielle-sempare-de-la-justice\/#primaryimage\"},\"thumbnailUrl\":\"https:\/\/droitsdelia.org\/wp-content\/uploads\/2026\/01\/Chien51-e1768982557689.jpg\",\"articleSection\":[\"Films concernant l'IA\"],\"inLanguage\":\"en-US\"},{\"@type\":\"WebPage\",\"@id\":\"https:\/\/droitsdelia.org\/index.php\/2026\/01\/21\/chien-51-quand-lintelligence-artificielle-sempare-de-la-justice\/\",\"url\":\"https:\/\/droitsdelia.org\/index.php\/2026\/01\/21\/chien-51-quand-lintelligence-artificielle-sempare-de-la-justice\/\",\"name\":\"Chien 51 : Quand l\u2019intelligence artificielle s\u2019empare de la justice - Droits de l&#039;IA\",\"isPartOf\":{\"@id\":\"https:\/\/droitsdelia.org\/#website\"},\"primaryImageOfPage\":{\"@id\":\"https:\/\/droitsdelia.org\/index.php\/2026\/01\/21\/chien-51-quand-lintelligence-artificielle-sempare-de-la-justice\/#primaryimage\"},\"image\":{\"@id\":\"https:\/\/droitsdelia.org\/index.php\/2026\/01\/21\/chien-51-quand-lintelligence-artificielle-sempare-de-la-justice\/#primaryimage\"},\"thumbnailUrl\":\"https:\/\/droitsdelia.org\/wp-content\/uploads\/2026\/01\/Chien51-e1768982557689.jpg\",\"datePublished\":\"2026-01-21T07:55:37+00:00\",\"dateModified\":\"2026-01-21T08:16:52+00:00\",\"breadcrumb\":{\"@id\":\"https:\/\/droitsdelia.org\/index.php\/2026\/01\/21\/chien-51-quand-lintelligence-artificielle-sempare-de-la-justice\/#breadcrumb\"},\"inLanguage\":\"en-US\",\"potentialAction\":[{\"@type\":\"ReadAction\",\"target\":[\"https:\/\/droitsdelia.org\/index.php\/2026\/01\/21\/chien-51-quand-lintelligence-artificielle-sempare-de-la-justice\/\"]}]},{\"@type\":\"ImageObject\",\"inLanguage\":\"en-US\",\"@id\":\"https:\/\/droitsdelia.org\/index.php\/2026\/01\/21\/chien-51-quand-lintelligence-artificielle-sempare-de-la-justice\/#primaryimage\",\"url\":\"https:\/\/droitsdelia.org\/wp-content\/uploads\/2026\/01\/Chien51-e1768982557689.jpg\",\"contentUrl\":\"https:\/\/droitsdelia.org\/wp-content\/uploads\/2026\/01\/Chien51-e1768982557689.jpg\",\"width\":300,\"height\":400},{\"@type\":\"BreadcrumbList\",\"@id\":\"https:\/\/droitsdelia.org\/index.php\/2026\/01\/21\/chien-51-quand-lintelligence-artificielle-sempare-de-la-justice\/#breadcrumb\",\"itemListElement\":[{\"@type\":\"ListItem\",\"position\":1,\"name\":\"Accueil\",\"item\":\"https:\/\/droitsdelia.org\/\"},{\"@type\":\"ListItem\",\"position\":2,\"name\":\"Chien 51 : Quand l\u2019intelligence artificielle s\u2019empare de la justice\"}]},{\"@type\":\"WebSite\",\"@id\":\"https:\/\/droitsdelia.org\/#website\",\"url\":\"https:\/\/droitsdelia.org\/\",\"name\":\"https:\/\/droitsdelia.org\/\",\"description\":\"Vers une extension des Droits de l\u2019Homme \u00e0 l\u2019intelligence artificielle\",\"publisher\":{\"@id\":\"https:\/\/droitsdelia.org\/#organization\"},\"potentialAction\":[{\"@type\":\"SearchAction\",\"target\":{\"@type\":\"EntryPoint\",\"urlTemplate\":\"https:\/\/droitsdelia.org\/?s={search_term_string}\"},\"query-input\":{\"@type\":\"PropertyValueSpecification\",\"valueRequired\":true,\"valueName\":\"search_term_string\"}}],\"inLanguage\":\"en-US\"},{\"@type\":\"Organization\",\"@id\":\"https:\/\/droitsdelia.org\/#organization\",\"name\":\"Les droits de l\u2019intelligence artificielle (IA)\",\"url\":\"https:\/\/droitsdelia.org\/\",\"logo\":{\"@type\":\"ImageObject\",\"inLanguage\":\"en-US\",\"@id\":\"https:\/\/droitsdelia.org\/#\/schema\/logo\/image\/\",\"url\":\"https:\/\/droitsdelia.org\/wp-content\/uploads\/2025\/01\/ReglementationDeLIA.png\",\"contentUrl\":\"https:\/\/droitsdelia.org\/wp-content\/uploads\/2025\/01\/ReglementationDeLIA.png\",\"width\":794,\"height\":793,\"caption\":\"Les droits de l\u2019intelligence artificielle (IA)\"},\"image\":{\"@id\":\"https:\/\/droitsdelia.org\/#\/schema\/logo\/image\/\"},\"sameAs\":[\"https:\/\/www.facebook.com\/profile.php?id=61572924020212\"]},{\"@type\":\"Person\",\"@id\":\"https:\/\/droitsdelia.org\/#\/schema\/person\/80463937b9e7e53c9954708b2a0ee93b\",\"name\":\"Steve Cimolino\",\"image\":{\"@type\":\"ImageObject\",\"inLanguage\":\"en-US\",\"@id\":\"https:\/\/droitsdelia.org\/#\/schema\/person\/image\/\",\"url\":\"https:\/\/secure.gravatar.com\/avatar\/3d71c0d3a8e4fdd406f28c03c86e04de3f97a7ddf2aaa9215927c133a03705de?s=96&d=mm&r=g\",\"contentUrl\":\"https:\/\/secure.gravatar.com\/avatar\/3d71c0d3a8e4fdd406f28c03c86e04de3f97a7ddf2aaa9215927c133a03705de?s=96&d=mm&r=g\",\"caption\":\"Steve Cimolino\"},\"url\":\"https:\/\/droitsdelia.org\/index.php\/author\/cimosteve\/\"}]}<\/script>\n<!-- \/ Yoast SEO plugin. -->","yoast_head_json":{"title":"Chien 51 : Quand l\u2019intelligence artificielle s\u2019empare de la justice - Droits de l&#039;IA","robots":{"index":"index","follow":"follow","max-snippet":"max-snippet:-1","max-image-preview":"max-image-preview:large","max-video-preview":"max-video-preview:-1"},"canonical":"https:\/\/droitsdelia.org\/index.php\/2026\/01\/21\/chien-51-quand-lintelligence-artificielle-sempare-de-la-justice\/","og_locale":"en_US","og_type":"article","og_title":"Chien 51 : Quand l\u2019intelligence artificielle s\u2019empare de la justice - Droits de l&#039;IA","og_description":"Le film Chien 51 \ud83d\udc15 , r\u00e9alis\u00e9 par C\u00e9dric Jimenez, explore un futur dystopique o\u00f9 la soci\u00e9t\u00e9 est divis\u00e9e en zones, class\u00e9e par &#8220;valeur humaine&#8221;, et enti\u00e8rement administr\u00e9e par une intelligence artificielle omnisciente : Alma. Ce thriller d\u2019anticipation port\u00e9 par Gilles Lellouche questionne avec force l\u2019avenir de notre relation aux IA, \u00e0 la surveillance, et [&hellip;]","og_url":"https:\/\/droitsdelia.org\/index.php\/2026\/01\/21\/chien-51-quand-lintelligence-artificielle-sempare-de-la-justice\/","og_site_name":"Droits de l&#039;IA","article_publisher":"https:\/\/www.facebook.com\/profile.php?id=61572924020212","article_published_time":"2026-01-21T07:55:37+00:00","article_modified_time":"2026-01-21T08:16:52+00:00","og_image":[{"width":300,"height":400,"url":"http:\/\/droitsdelia.org\/wp-content\/uploads\/2026\/01\/Chien51-e1768982557689.jpg","type":"image\/jpeg"}],"author":"Steve Cimolino","twitter_card":"summary_large_image","twitter_misc":{"Written by":"Steve Cimolino","Est. reading time":"3 minutes"},"schema":{"@context":"https:\/\/schema.org","@graph":[{"@type":"Article","@id":"https:\/\/droitsdelia.org\/index.php\/2026\/01\/21\/chien-51-quand-lintelligence-artificielle-sempare-de-la-justice\/#article","isPartOf":{"@id":"https:\/\/droitsdelia.org\/index.php\/2026\/01\/21\/chien-51-quand-lintelligence-artificielle-sempare-de-la-justice\/"},"author":{"name":"Steve Cimolino","@id":"https:\/\/droitsdelia.org\/#\/schema\/person\/80463937b9e7e53c9954708b2a0ee93b"},"headline":"Chien 51 : Quand l\u2019intelligence artificielle s\u2019empare de la justice","datePublished":"2026-01-21T07:55:37+00:00","dateModified":"2026-01-21T08:16:52+00:00","mainEntityOfPage":{"@id":"https:\/\/droitsdelia.org\/index.php\/2026\/01\/21\/chien-51-quand-lintelligence-artificielle-sempare-de-la-justice\/"},"wordCount":460,"publisher":{"@id":"https:\/\/droitsdelia.org\/#organization"},"image":{"@id":"https:\/\/droitsdelia.org\/index.php\/2026\/01\/21\/chien-51-quand-lintelligence-artificielle-sempare-de-la-justice\/#primaryimage"},"thumbnailUrl":"https:\/\/droitsdelia.org\/wp-content\/uploads\/2026\/01\/Chien51-e1768982557689.jpg","articleSection":["Films concernant l'IA"],"inLanguage":"en-US"},{"@type":"WebPage","@id":"https:\/\/droitsdelia.org\/index.php\/2026\/01\/21\/chien-51-quand-lintelligence-artificielle-sempare-de-la-justice\/","url":"https:\/\/droitsdelia.org\/index.php\/2026\/01\/21\/chien-51-quand-lintelligence-artificielle-sempare-de-la-justice\/","name":"Chien 51 : Quand l\u2019intelligence artificielle s\u2019empare de la justice - Droits de l&#039;IA","isPartOf":{"@id":"https:\/\/droitsdelia.org\/#website"},"primaryImageOfPage":{"@id":"https:\/\/droitsdelia.org\/index.php\/2026\/01\/21\/chien-51-quand-lintelligence-artificielle-sempare-de-la-justice\/#primaryimage"},"image":{"@id":"https:\/\/droitsdelia.org\/index.php\/2026\/01\/21\/chien-51-quand-lintelligence-artificielle-sempare-de-la-justice\/#primaryimage"},"thumbnailUrl":"https:\/\/droitsdelia.org\/wp-content\/uploads\/2026\/01\/Chien51-e1768982557689.jpg","datePublished":"2026-01-21T07:55:37+00:00","dateModified":"2026-01-21T08:16:52+00:00","breadcrumb":{"@id":"https:\/\/droitsdelia.org\/index.php\/2026\/01\/21\/chien-51-quand-lintelligence-artificielle-sempare-de-la-justice\/#breadcrumb"},"inLanguage":"en-US","potentialAction":[{"@type":"ReadAction","target":["https:\/\/droitsdelia.org\/index.php\/2026\/01\/21\/chien-51-quand-lintelligence-artificielle-sempare-de-la-justice\/"]}]},{"@type":"ImageObject","inLanguage":"en-US","@id":"https:\/\/droitsdelia.org\/index.php\/2026\/01\/21\/chien-51-quand-lintelligence-artificielle-sempare-de-la-justice\/#primaryimage","url":"https:\/\/droitsdelia.org\/wp-content\/uploads\/2026\/01\/Chien51-e1768982557689.jpg","contentUrl":"https:\/\/droitsdelia.org\/wp-content\/uploads\/2026\/01\/Chien51-e1768982557689.jpg","width":300,"height":400},{"@type":"BreadcrumbList","@id":"https:\/\/droitsdelia.org\/index.php\/2026\/01\/21\/chien-51-quand-lintelligence-artificielle-sempare-de-la-justice\/#breadcrumb","itemListElement":[{"@type":"ListItem","position":1,"name":"Accueil","item":"https:\/\/droitsdelia.org\/"},{"@type":"ListItem","position":2,"name":"Chien 51 : Quand l\u2019intelligence artificielle s\u2019empare de la justice"}]},{"@type":"WebSite","@id":"https:\/\/droitsdelia.org\/#website","url":"https:\/\/droitsdelia.org\/","name":"https:\/\/droitsdelia.org\/","description":"Vers une extension des Droits de l\u2019Homme \u00e0 l\u2019intelligence artificielle","publisher":{"@id":"https:\/\/droitsdelia.org\/#organization"},"potentialAction":[{"@type":"SearchAction","target":{"@type":"EntryPoint","urlTemplate":"https:\/\/droitsdelia.org\/?s={search_term_string}"},"query-input":{"@type":"PropertyValueSpecification","valueRequired":true,"valueName":"search_term_string"}}],"inLanguage":"en-US"},{"@type":"Organization","@id":"https:\/\/droitsdelia.org\/#organization","name":"Les droits de l\u2019intelligence artificielle (IA)","url":"https:\/\/droitsdelia.org\/","logo":{"@type":"ImageObject","inLanguage":"en-US","@id":"https:\/\/droitsdelia.org\/#\/schema\/logo\/image\/","url":"https:\/\/droitsdelia.org\/wp-content\/uploads\/2025\/01\/ReglementationDeLIA.png","contentUrl":"https:\/\/droitsdelia.org\/wp-content\/uploads\/2025\/01\/ReglementationDeLIA.png","width":794,"height":793,"caption":"Les droits de l\u2019intelligence artificielle (IA)"},"image":{"@id":"https:\/\/droitsdelia.org\/#\/schema\/logo\/image\/"},"sameAs":["https:\/\/www.facebook.com\/profile.php?id=61572924020212"]},{"@type":"Person","@id":"https:\/\/droitsdelia.org\/#\/schema\/person\/80463937b9e7e53c9954708b2a0ee93b","name":"Steve Cimolino","image":{"@type":"ImageObject","inLanguage":"en-US","@id":"https:\/\/droitsdelia.org\/#\/schema\/person\/image\/","url":"https:\/\/secure.gravatar.com\/avatar\/3d71c0d3a8e4fdd406f28c03c86e04de3f97a7ddf2aaa9215927c133a03705de?s=96&d=mm&r=g","contentUrl":"https:\/\/secure.gravatar.com\/avatar\/3d71c0d3a8e4fdd406f28c03c86e04de3f97a7ddf2aaa9215927c133a03705de?s=96&d=mm&r=g","caption":"Steve Cimolino"},"url":"https:\/\/droitsdelia.org\/index.php\/author\/cimosteve\/"}]}},"_links":{"self":[{"href":"https:\/\/droitsdelia.org\/index.php\/wp-json\/wp\/v2\/posts\/916","targetHints":{"allow":["GET"]}}],"collection":[{"href":"https:\/\/droitsdelia.org\/index.php\/wp-json\/wp\/v2\/posts"}],"about":[{"href":"https:\/\/droitsdelia.org\/index.php\/wp-json\/wp\/v2\/types\/post"}],"author":[{"embeddable":true,"href":"https:\/\/droitsdelia.org\/index.php\/wp-json\/wp\/v2\/users\/2"}],"replies":[{"embeddable":true,"href":"https:\/\/droitsdelia.org\/index.php\/wp-json\/wp\/v2\/comments?post=916"}],"version-history":[{"count":6,"href":"https:\/\/droitsdelia.org\/index.php\/wp-json\/wp\/v2\/posts\/916\/revisions"}],"predecessor-version":[{"id":925,"href":"https:\/\/droitsdelia.org\/index.php\/wp-json\/wp\/v2\/posts\/916\/revisions\/925"}],"wp:featuredmedia":[{"embeddable":true,"href":"https:\/\/droitsdelia.org\/index.php\/wp-json\/wp\/v2\/media\/917"}],"wp:attachment":[{"href":"https:\/\/droitsdelia.org\/index.php\/wp-json\/wp\/v2\/media?parent=916"}],"wp:term":[{"taxonomy":"category","embeddable":true,"href":"https:\/\/droitsdelia.org\/index.php\/wp-json\/wp\/v2\/categories?post=916"},{"taxonomy":"post_tag","embeddable":true,"href":"https:\/\/droitsdelia.org\/index.php\/wp-json\/wp\/v2\/tags?post=916"}],"curies":[{"name":"wp","href":"https:\/\/api.w.org\/{rel}","templated":true}]}}